{"id":29326,"date":"2017-08-24T15:41:19","date_gmt":"2017-08-24T15:41:19","guid":{"rendered":"https:\/\/dev.unik-seo.com\/sin-categoria\/proteccion-de-datos-personales-como-evitar-una-multa-enorme-en-2018\/"},"modified":"2025-12-09T17:36:13","modified_gmt":"2025-12-09T17:36:13","slug":"proteccion-de-datos-personales-como-evitar-una-multa-enorme-en-2018","status":"publish","type":"post","link":"https:\/\/www.unik-seo.com\/es\/insights\/proteccion-de-datos-personales-como-evitar-una-multa-enorme-en-2018","title":{"rendered":"Protecci\u00f3n de Datos Personales: C\u00f3mo evitar una multa enorme en 2018"},"content":{"rendered":"\n<p>Los recientes cambios en <strong>la normativa europea sobre protecci\u00f3n de datos personales<\/strong> tienen preocupada a bastante gente. El 25 de mayo de 2018&#8230; \u00a1tendr\u00e1s que organizarlo todo o podr\u00edas arriesgarte a lo grande!<\/p>\n\n<p>Todos queremos proteger los datos personales de forma responsable, pero tambi\u00e9n queremos centrarnos en que no nos multen.<\/p>\n\n<p>Hoy en d\u00eda, todo el mundo conoce y comprende la importancia de proteger a los ciudadanos de una amplia variedad de amenazas emergentes. Por no mencionar el hecho de que todos nosotros, individual y colectivamente, debemos contribuir a la misma causa. <\/p>\n\n<p>En su mayor parte, quienes se interesan (o preocupan) por la protecci\u00f3n de datos se centran m\u00e1s en el aspecto financiero de las cosas que en la protecci\u00f3n real de los datos en su conjunto. Desde una perspectiva empresarial, cualquier tipo de violaci\u00f3n de datos puede acarrear enormes multas y sanciones. <\/p>\n\n<p>Precisamente por eso es de vital importancia que todo el mundo conozca los recientes ajustes realizados en la normativa de protecci\u00f3n de datos, para garantizar su total cumplimiento. Estamos entrando en una era en la que la inmunidad frente a la violaci\u00f3n de datos no es un concepto realista, pero sigue siendo vital asegurarse de que se aplican todas las medidas preventivas necesarias. <\/p>\n\n<h2 class=\"wp-block-heading\"><strong>La nueva era digital<\/strong><\/h2>\n\n<p>En los \u00faltimos a\u00f1os, la sociedad en su conjunto no ha tenido m\u00e1s remedio que adaptarse tanto a la r\u00e1pida evoluci\u00f3n como a las nuevas formas de comunicaci\u00f3n y relaci\u00f3n. Las empresas luchan por seguir el ritmo de los disruptores de la nueva era y mantenerse en la cima. Cada d\u00eda surgen nuevas tendencias digitales y nuevas plataformas. En consecuencia, los retos a los que se enfrenta la gran mayor\u00eda de las empresas en esta nueva era se dejan sentir en varios \u00e1mbitos.   <\/p>\n\n<p>Las reglas del juego han cambiado, pero debido a la rapidez de esta evoluci\u00f3n en curso, el marco necesario para hacerles frente a\u00fan no se ha adaptado. Las empresas se aferran a sus estrategias tradicionales, a menudo r\u00edgidas, que est\u00e1n resultando insuficientes frente a las amenazas modernas. <\/p>\n\n<p>\u00abAdaptabilidad\u00bb es la nueva palabra de moda que el mundo no puede permitirse ignorar: quienes lo hagan corren el riesgo de quedarse atr\u00e1s, o quiz\u00e1 incluso de desaparecer por completo.<\/p>\n\n<h2 class=\"wp-block-heading\"><strong>La necesidad de cambiar las normas de protecci\u00f3n de datos &#8230;<\/strong><\/h2>\n\n<p>Es debido a un avance tan dr\u00e1stico en el panorama digital del<sup>siglo<\/sup> XXI que la Uni\u00f3n Europea tom\u00f3 la decisi\u00f3n de aplicar cambios radicales. A medida que el mundo se hace m\u00e1s dependiente de los datos digitales, lo m\u00e1s sensato es garantizar su adecuada protecci\u00f3n. <\/p>\n\n<p>Sin embargo, el hecho de que las cosas sigan cambiando a diario complica a\u00fan m\u00e1s el asunto. Al fin y al cabo, \u00bfc\u00f3mo se puede imponer una regulaci\u00f3n y proporcionar una protecci\u00f3n adecuada, cuando esencialmente no se tiene ni idea de lo que vendr\u00e1 despu\u00e9s? <\/p>\n\n<p>Tomemos como ejemplo la pirater\u00eda. Hubo un tiempo en que se copiaban y vend\u00edan pel\u00edculas sin autorizaci\u00f3n, se hac\u00edan descargas todos los d\u00edas y no hab\u00eda ninguna disposici\u00f3n en la ley sobre c\u00f3mo actuar en estos casos. A su vez, los piratas se sal\u00edan con la suya, sin hacer preguntas.  <\/p>\n\n<p>\u00bfC\u00f3mo abordaron el problema los reguladores?<\/p>\n\n<p>En primer lugar, hay que explicar que la pirater\u00eda de contenidos audiovisuales es un delito econ\u00f3mico, que consiste en la utilizaci\u00f3n ilegal de una obra protegida por los derechos de autor y derechos afines y, en el caso de la reproducci\u00f3n ileg\u00edtima de software, por la Ley de Criminalidad Inform\u00e1tica.<\/p>\n\n<p>A los ojos de la ley, la pirater\u00eda se considera un delito de usurpaci\u00f3n.<\/p>\n\n<p>Cuando qued\u00f3 claro que los piratas se estaban beneficiando cada vez m\u00e1s a costa de quienes pose\u00edan los derechos de autor del material en cuesti\u00f3n, fue necesario redactar nuevas normativas. Lo que a su vez condujo a la prohibici\u00f3n total de la pirater\u00eda, junto con esfuerzos agresivos para llevar ante la justicia a quienes participaban en tales actividades. <\/p>\n\n<p>Sin embargo, cada vez que las autoridades apuntan a la comunidad pirata, surgen nuevas t\u00e9cnicas que hacen que sea m\u00e1s dif\u00edcil o incluso imposible atrapar a los implicados. Adem\u00e1s, los avances tecnol\u00f3gicos siguen dificultando a\u00fan m\u00e1s el control policial de la pirater\u00eda, al tiempo que facilitan enormemente la participaci\u00f3n de cualquiera en la pirater\u00eda en su conjunto. <\/p>\n\n<p>De ah\u00ed los retos asociados a mantenerse al d\u00eda en la era digital.<\/p>\n\n<h2 class=\"wp-block-heading\"><strong>Protecci\u00f3n de datos personales<\/strong><\/h2>\n\n<p>Uno de los mayores avances tecnol\u00f3gicos de los \u00faltimos a\u00f1os ha sido el desarrollo exponencial de la capacidad de almacenamiento y acceso a los datos personales. Basta decir que si alguien pudiera ver realmente cu\u00e1ntos datos se almacenan sobre \u00e9l a escala mundial, probablemente le parecer\u00eda bastante aterrador. <\/p>\n\n<p>Con unos vol\u00famenes tan enormes de datos personales y privilegiados almacenados sobre casi todos los seres humanos del mundo, pronto se hizo evidente la necesidad de proteger estos datos. Las leyes de protecci\u00f3n de datos existentes simplemente no se acercaban a cubrir las necesidades del ciudadano del siglo XXI que vive en la era digital. <\/p>\n\n<p>Como tal, ahora existen normas y reglamentos que rigen a quienes recopilan datos personales y trabajan con ellos. Pero, no obstante, es inevitable que las cosas tengan que dar varios pasos significativos hacia adelante, para seguir el ritmo de la cara cambiante del almacenamiento y uso de datos. <\/p>\n\n<p>A partir de ahora, las empresas deben adaptarse al nuevo marco jur\u00eddico, mientras que se aconseja a los ciudadanos que se familiaricen con sus derechos.<\/p>\n\n<h2 class=\"wp-block-heading\"><strong>\u00bfQu\u00e9 es la protecci\u00f3n de datos personales?<\/strong><\/h2>\n\n<p>No hay dos maneras de decirlo: intentar comprender la ley puede ser aburrido y a menudo muy complicado. Afortunadamente, la normativa que nos ocupa nos proporciona unos cuantos t\u00e9rminos y definiciones concretos, que hacen que todo sea mucho m\u00e1s f\u00e1cil de entender y cumplir. <\/p>\n\n<h3 class=\"wp-block-heading\"><strong>Datos personales<\/strong><\/h3>\n\n<p>La informaci\u00f3n relativa a una persona f\u00edsica identificada o identificable (\u00abinteresado\u00bb); Se considera identificable a una persona f\u00edsica, directa o indirectamente, en particular por referencia a un identificador, como un nombre, un n\u00famero de identificaci\u00f3n, datos de localizaci\u00f3n, identificadores por medios electr\u00f3nicos o a uno o varios elementos espec\u00edficos del identificador. La identidad f\u00edsica, fisiol\u00f3gica, gen\u00e9tica, mental, econ\u00f3mica, cultural o social de esa persona f\u00edsica; <\/p>\n\n<h3 class=\"wp-block-heading\"><strong>Tratamiento de datos personales<\/strong><\/h3>\n\n<p>Operaci\u00f3n o conjunto de operaciones efectuadas con datos personales o conjuntos de datos personales por medios automatizados o no automatizados, como la recogida, registro, organizaci\u00f3n, estructuraci\u00f3n, conservaci\u00f3n, adaptaci\u00f3n o modificaci\u00f3n, consulta, utilizaci\u00f3n, comunicaci\u00f3n por transmisi\u00f3n, difusi\u00f3n o cualquier otra forma de comunicaci\u00f3n, comparaci\u00f3n o interconexi\u00f3n, limitaci\u00f3n, supresi\u00f3n o destrucci\u00f3n.<\/p>\n\n<h3 class=\"wp-block-heading\"><strong>Limitaci\u00f3n del tratamiento de datos<\/strong><\/h3>\n\n<p>La inserci\u00f3n de una marca en los datos personales conservados con el fin de limitar su tratamiento en el futuro;<\/p>\n\n<h3 class=\"wp-block-heading\"><strong>Definici\u00f3n del perfil del cliente<\/strong><\/h3>\n\n<p>Cualquier forma de tratamiento automatizado de datos personales consistente en la utilizaci\u00f3n de dichos datos personales para evaluar determinados aspectos personales de una persona f\u00edsica, en particular, para analizar o predecir aspectos relacionados con el rendimiento profesional, la situaci\u00f3n econ\u00f3mica, la salud, las preferencias personales, los intereses, la fiabilidad, el comportamiento, la ubicaci\u00f3n o los viajes;<\/p>\n\n<h3 class=\"wp-block-heading\"><strong>Seudonimizaci\u00f3n<\/strong><\/h3>\n\n<p>El tratamiento de datos personales de forma que ya no puedan asignarse a un interesado concreto sin utilizar informaci\u00f3n complementaria, siempre que dicha informaci\u00f3n complementaria se conserve por separado y est\u00e9 sujeta a medidas t\u00e9cnicas y organizativas que garanticen que los datos personales no puedan asignarse a una persona f\u00edsica identificada o identificable;<\/p>\n\n<h3 class=\"wp-block-heading\"><strong>\u00abConsentimiento\u00bb del interesado<\/strong><\/h3>\n\n<p>Una manifestaci\u00f3n de voluntad libre, espec\u00edfica, informada y expl\u00edcita por la que el interesado acepta, mediante una declaraci\u00f3n o un acto positivo inequ\u00edvoco, que se traten los datos personales que le conciernen;<\/p>\n\n<h3 class=\"wp-block-heading\"><strong>Violaci\u00f3n de datos personales<\/strong><\/h3>\n\n<p>Una violaci\u00f3n de la seguridad que provoque, de forma accidental o il\u00edcita, la destrucci\u00f3n, p\u00e9rdida, alteraci\u00f3n, divulgaci\u00f3n o acceso no autorizados a datos personales transmitidos, almacenados o tratados de otro modo;<\/p>\n\n<h3 class=\"wp-block-heading\"><strong>Datos gen\u00e9ticos<\/strong><\/h3>\n\n<p>Datos personales relativos a las caracter\u00edsticas gen\u00e9ticas heredadas o adquiridas de una persona f\u00edsica, que proporcionan informaci\u00f3n \u00fanica sobre la fisiolog\u00eda o la salud de dicha persona f\u00edsica y que resultan, en particular, de un an\u00e1lisis de una muestra biol\u00f3gica de la persona f\u00edsica en cuesti\u00f3n;<\/p>\n\n<p><strong>Datos biom\u00e9tricos:<\/strong><\/p>\n\n<p>Datos personales resultantes de un tratamiento t\u00e9cnico espec\u00edfico relativo a las caracter\u00edsticas f\u00edsicas, fisiol\u00f3gicas o de comportamiento de una persona f\u00edsica que permita o confirme la identificaci\u00f3n \u00fanica de dicha persona f\u00edsica, en particular, datos faciales o dactilosc\u00f3picos;<\/p>\n\n<h3 class=\"wp-block-heading\"><strong>Datos sanitarios<\/strong><\/h3>\n\n<p>Datos personales relativos a la salud f\u00edsica o mental de una persona f\u00edsica, incluida la prestaci\u00f3n de servicios sanitarios, que revelen informaci\u00f3n sobre su salud;<\/p>\n\n<h2 class=\"wp-block-heading\"><strong>Las consecuencias del enfoque anticuado<\/strong><\/h2>\n\n<p>La mayor\u00eda de las organizaciones se rigen por sus propias y exclusivas <strong>pol\u00edticas de protecci\u00f3n de datos<\/strong>, que pueden haber permanecido inalteradas durante a\u00f1os o incluso d\u00e9cadas. Hagan lo que hagan, lo hacen as\u00ed porque <em>siempre<\/em> lo han hecho as\u00ed. <\/p>\n\n<p>Pero las nuevas modificaciones de la normativa sobre protecci\u00f3n de datos exigen cambios significativos en los procedimientos, para evitar consecuencias potencialmente dr\u00e1sticas.<\/p>\n\n<p>El incumplimiento de las nuevas normas de protecci\u00f3n de datos podr\u00eda acarrear enormes multas de hasta 20.000.000 de euros.<\/p>\n\n<p>As\u00ed pues, dado el tiempo que probablemente necesite una instituci\u00f3n para adaptarse a las nuevas normas, el legislador ha fijado un plazo de s\u00f3lo un a\u00f1o para que todas las empresas se incorporen a la normativa.<\/p>\n\n<p>Antes del 25 de mayo, todas las instituciones tendr\u00e1n que adaptarse a los cambios, sin excepci\u00f3n.<\/p>\n\n<h2 class=\"wp-block-heading\"><strong>\u00bfQu\u00e9 empresas\/instituciones tienen que adaptarse?<\/strong><\/h2>\n\n<p>Las nuevas modificaciones de la normativa se aplican a todas las entidades que tratan datos personales, es decir, las que realizan cualquier tipo de operaciones con datos personales. Estas entidades pueden ser las que determinan los fines y los medios del tratamiento de datos personales, pero tambi\u00e9n las que realizan estas operaciones en r\u00e9gimen de subcontrataci\u00f3n. <\/p>\n\n<p>Geogr\u00e1ficamente, el reglamento se aplica en todo el territorio de la Uni\u00f3n Europea. Sin embargo, el art\u00edculo 3 (1) establece una excepci\u00f3n: \u00abEl presente Reglamento se aplicar\u00e1 al tratamiento de datos personales efectuado en el marco de las actividades de un establecimiento de un responsable del tratamiento o de un subcontratista situado en el territorio de la Uni\u00f3n, dentro o fuera de la Uni\u00f3n.\u00bb <\/p>\n\n<p>Traducido a grandes rasgos, el hecho de que no se traten datos personales en el territorio cubierto por el reglamento no implica que no se aplique, siempre que la instituci\u00f3n est\u00e9 situada en \u00e9l.<\/p>\n\n<h2 class=\"wp-block-heading\"><strong>C\u00f3mo evitar una multa colosal<\/strong><\/h2>\n\n<ul class=\"wp-block-list\">\n<li>Acepta la necesidad de proteger los datos personales de forma m\u00e1s proactiva.<\/li>\n\n\n\n<li>Sigue las nuevas <strong>normas de protecci\u00f3n de datos<\/strong> y todo ir\u00e1 bien.<\/li>\n\n\n\n<li>Mira la lista de control que hemos preparado y \u00a1empieza ahora mismo!<\/li>\n<\/ul>\n\n<figure class=\"wp-block-image size-large\"><img fetchpriority=\"high\" decoding=\"async\" width=\"1024\" height=\"758\" src=\"https:\/\/www.unik-seo.com\/wp-content\/uploads\/2017\/08\/adaptacoes-1024x758.png\" alt=\"\" class=\"wp-image-31575\" srcset=\"https:\/\/www.unik-seo.com\/wp-content\/uploads\/2017\/08\/adaptacoes-1024x758.png 1024w, https:\/\/www.unik-seo.com\/wp-content\/uploads\/2017\/08\/adaptacoes-300x222.png 300w, https:\/\/www.unik-seo.com\/wp-content\/uploads\/2017\/08\/adaptacoes-768x568.png 768w, https:\/\/www.unik-seo.com\/wp-content\/uploads\/2017\/08\/adaptacoes.png 1453w\" sizes=\"(max-width: 1024px) 100vw, 1024px\" \/><figcaption class=\"wp-element-caption\">#image_title<\/figcaption><\/figure>\n\n<p>Aunque las instituciones cumplan las nuevas normas con la debida diligencia, no puede descartarse una violaci\u00f3n involuntaria de datos personales. Como ya se ha dicho, la inmunidad absoluta no es una posibilidad realista. <\/p>\n\n<p><strong>Me ha pasado a m\u00ed&#8230; \u00bfY ahora qu\u00e9?<\/strong><\/p>\n\n<p>Entonces, cuando las cosas van mal, \u00bfc\u00f3mo debe proceder una instituci\u00f3n en estos casos?<\/p>\n\n<p>Todas las violaciones de datos personales deben estar plenamente documentadas, incluyendo los hechos relacionados con ellas, sus efectos y la soluci\u00f3n adoptada.<\/p>\n\n<p>Consulta algunos ejemplos de las preguntas m\u00e1s frecuentes sobre el tema:<\/p>\n\n<figure class=\"wp-block-image size-large\"><img decoding=\"async\" width=\"1024\" height=\"883\" src=\"https:\/\/www.unik-seo.com\/wp-content\/uploads\/2017\/08\/violation-1024x883.png\" alt=\"\" class=\"wp-image-31577\" srcset=\"https:\/\/www.unik-seo.com\/wp-content\/uploads\/2017\/08\/violation-1024x883.png 1024w, https:\/\/www.unik-seo.com\/wp-content\/uploads\/2017\/08\/violation-300x259.png 300w, https:\/\/www.unik-seo.com\/wp-content\/uploads\/2017\/08\/violation-768x662.png 768w, https:\/\/www.unik-seo.com\/wp-content\/uploads\/2017\/08\/violation.png 1354w\" sizes=\"(max-width: 1024px) 100vw, 1024px\" \/><figcaption class=\"wp-element-caption\">#image_title<\/figcaption><\/figure>\n\n<h2 class=\"wp-block-heading\"><strong>\u00bfCu\u00e1les son los \u00abnuevos\u00bb derechos de protecci\u00f3n de datos?<\/strong><\/h2>\n\n<figure class=\"wp-block-image size-large\"><img decoding=\"async\" width=\"1024\" height=\"683\" src=\"https:\/\/www.unik-seo.com\/wp-content\/uploads\/2017\/08\/Direito-a-vida-1024x683.jpg\" alt=\"\" class=\"wp-image-31576\" srcset=\"https:\/\/www.unik-seo.com\/wp-content\/uploads\/2017\/08\/Direito-a-vida-1024x683.jpg 1024w, https:\/\/www.unik-seo.com\/wp-content\/uploads\/2017\/08\/Direito-a-vida-300x200.jpg 300w, https:\/\/www.unik-seo.com\/wp-content\/uploads\/2017\/08\/Direito-a-vida-768x512.jpg 768w, https:\/\/www.unik-seo.com\/wp-content\/uploads\/2017\/08\/Direito-a-vida-1536x1024.jpg 1536w, https:\/\/www.unik-seo.com\/wp-content\/uploads\/2017\/08\/Direito-a-vida-2048x1365.jpg 2048w\" sizes=\"(max-width: 1024px) 100vw, 1024px\" \/><figcaption class=\"wp-element-caption\">#image_title<\/figcaption><\/figure>\n\n<p>Con los cambios en la normativa de protecci\u00f3n de datos, asistimos a la aparici\u00f3n de nuevos derechos que los ciudadanos pueden ahora \u00abreclamar\u00bb a su discreci\u00f3n.<\/p>\n\n<h3 class=\"wp-block-heading\">El derecho al olvido<\/h3>\n\n<p>Este nuevo reglamento cubre el derecho a <strong>borrar los datos<\/strong> (\u00abderecho al olvido\u00bb), lo que significa que el sujeto tiene derecho a obtener del responsable del tratamiento la supresi\u00f3n de sus datos personales sin demora indebida.<\/p>\n\n<h3 class=\"wp-block-heading\">Derecho a la portabilidad de datos<\/h3>\n\n<p>El derecho a la <strong>portabilidad de los datos<\/strong> permite a las personas obtener y reutilizar sus datos personales para sus propios fines en distintos servicios. El sujeto puede transferir, copiar y trasladar libremente su informaci\u00f3n personal entre sistemas inform\u00e1ticos de forma segura y conveniente. <\/p>\n\n<h3 class=\"wp-block-heading\">Derecho de rectificaci\u00f3n<\/h3>\n\n<p>El titular de los datos tiene derecho a obtener del responsable del tratamiento la rectificaci\u00f3n (correcci\u00f3n) de los datos personales inexactos que le conciernan. Con respecto a la finalidad del tratamiento de datos, el titular de los datos tiene derecho a que se completen sus <strong>datos<\/strong> personales incompletos, incluso mediante una declaraci\u00f3n adicional si fuera necesario. <\/p>\n\n<h2 class=\"wp-block-heading\">Castigo potencial&#8230;<\/h2>\n\n<p>Es dif\u00edcil no sentir cierto pavor al leer las disposiciones del art\u00edculo 83 del Reglamento, que se refieren a la aplicaci\u00f3n de multas.<\/p>\n\n<p>Veamos algunos detalles clave:<\/p>\n\n<p>El incumplimiento de las obligaciones del responsable del tratamiento y del subcontratista y el incumplimiento de las obligaciones del organismo de supervisi\u00f3n estar\u00e1n sujetos a multas administrativas de hasta 10.000.000 de euros o, en el caso de una empresa, de hasta el 2% de su volumen de negocios mundial anual correspondiente al ejercicio anterior, si esta cifra es superior:<\/p>\n\n<p>Sin embargo, las multas m\u00e1s elevadas se reservan para quienes infrinjan las siguientes disposiciones:<\/p>\n\n<ul class=\"wp-block-list\">\n<li>Los principios b\u00e1sicos del tratamiento, incluidas las condiciones del consentimiento;<\/li>\n\n\n\n<li>Los derechos de los interesados;<\/li>\n\n\n\n<li>La transferencia de datos personales a un destinatario en un tercer pa\u00eds o a una organizaci\u00f3n internacional;<\/li>\n\n\n\n<li>Obligaciones derivadas de la legislaci\u00f3n del Estado miembro adoptada en virtud del Cap\u00edtulo IX;<\/li>\n\n\n\n<li>Incumplimiento de una orden de restricci\u00f3n temporal o definitiva relativa al tratamiento o a la suspensi\u00f3n de los flujos de datos dictada por la autoridad de control o no facilitar el acceso;<\/li>\n<\/ul>\n\n<p>En tales casos, la infracci\u00f3n de las disposiciones estar\u00e1 sujeta a multas administrativas de hasta 20.000.000 de euros o, en el caso de una empresa, de hasta el 4% de su volumen de negocios anual a escala mundial correspondiente al ejercicio anterior, si esta cifra es superior:<\/p>\n\n<p><strong>En resumen: \u00bfc\u00f3mo puede tu empresa\/organismo cumplir estos cambios necesarios en la normativa de protecci\u00f3n de datos personales, para evitar estas multas?<\/strong><\/p>\n\n<ol class=\"wp-block-list\">\n<li>T\u00f3mate unos minutos para estudiar el tema con el detalle necesario.<\/li>\n\n\n\n<li>Introduce\/adapta a tus empleados y a las tecnolog\u00edas de tu instituci\u00f3n a la nueva normativa.<\/li>\n\n\n\n<li>S\u00e9 consciente de cualquier infracci\u00f3n y comun\u00edcala a tiempo.<\/li>\n\n\n\n<li>Designa a un Responsable de Protecci\u00f3n de Datos para que revise tus procesos de protecci\u00f3n y seguridad de los datos personales.<\/li>\n<\/ol>\n\n<p>Esperamos que este art\u00edculo sobre la nueva normativa europea sobre <a href=\"https:\/\/www.unik-seo.com\/es\/insights-es\/proteccion-de-datos-personales-como-evitar-una-multa-enorme-en-2018\">protecci\u00f3n de datos personales<\/a> que entrar\u00e1 en vigor en mayo de 2018 te ayude a preparar tu organizaci\u00f3n y a evitar que te multen.<\/p>\n\n<p>Si necesitas m\u00e1s informaci\u00f3n o quieres compartir tu opini\u00f3n con nosotros, \u00a1no dudes en ponerte en contacto!<\/p>\n","protected":false},"excerpt":{"rendered":"<p>Los recientes cambios en la normativa europea sobre protecci\u00f3n de datos personales tienen preocupada a bastante gente. El 25 de mayo de 2018&#8230; \u00a1tendr\u00e1s que organizarlo todo o podr\u00edas arriesgarte a lo grande! Todos queremos proteger los datos personales de forma responsable, pero tambi\u00e9n queremos centrarnos en que no nos multen. Hoy en d\u00eda, todo [&hellip;]<\/p>\n","protected":false},"author":21,"featured_media":29327,"comment_status":"open","ping_status":"open","sticky":false,"template":"","format":"standard","meta":{"_acf_changed":false,"footnotes":""},"categories":[226],"tags":[],"service":[],"class_list":["post-29326","post","type-post","status-publish","format-standard","has-post-thumbnail","hentry","category-insights"],"acf":[],"aioseo_notices":[],"_links":{"self":[{"href":"https:\/\/www.unik-seo.com\/es\/wp-json\/wp\/v2\/posts\/29326","targetHints":{"allow":["GET"]}}],"collection":[{"href":"https:\/\/www.unik-seo.com\/es\/wp-json\/wp\/v2\/posts"}],"about":[{"href":"https:\/\/www.unik-seo.com\/es\/wp-json\/wp\/v2\/types\/post"}],"author":[{"embeddable":true,"href":"https:\/\/www.unik-seo.com\/es\/wp-json\/wp\/v2\/users\/21"}],"replies":[{"embeddable":true,"href":"https:\/\/www.unik-seo.com\/es\/wp-json\/wp\/v2\/comments?post=29326"}],"version-history":[{"count":4,"href":"https:\/\/www.unik-seo.com\/es\/wp-json\/wp\/v2\/posts\/29326\/revisions"}],"predecessor-version":[{"id":31746,"href":"https:\/\/www.unik-seo.com\/es\/wp-json\/wp\/v2\/posts\/29326\/revisions\/31746"}],"wp:featuredmedia":[{"embeddable":true,"href":"https:\/\/www.unik-seo.com\/es\/wp-json\/wp\/v2\/media\/29327"}],"wp:attachment":[{"href":"https:\/\/www.unik-seo.com\/es\/wp-json\/wp\/v2\/media?parent=29326"}],"wp:term":[{"taxonomy":"category","embeddable":true,"href":"https:\/\/www.unik-seo.com\/es\/wp-json\/wp\/v2\/categories?post=29326"},{"taxonomy":"post_tag","embeddable":true,"href":"https:\/\/www.unik-seo.com\/es\/wp-json\/wp\/v2\/tags?post=29326"},{"taxonomy":"service","embeddable":true,"href":"https:\/\/www.unik-seo.com\/es\/wp-json\/wp\/v2\/service?post=29326"}],"curies":[{"name":"wp","href":"https:\/\/api.w.org\/{rel}","templated":true}]}}